{"id":189,"date":"2020-09-09T00:00:00","date_gmt":"2020-09-08T23:00:00","guid":{"rendered":"https:\/\/www.can.pt\/?p=189"},"modified":"2025-09-03T20:01:04","modified_gmt":"2025-09-03T19:01:04","slug":"hidroavioes-em-rio-de-moinhos-2020","status":"publish","type":"post","link":"https:\/\/www.can.pt\/index.php\/2020\/09\/09\/hidroavioes-em-rio-de-moinhos-2020\/","title":{"rendered":"Hidroavi\u00f5es em Rio de Moinhos 2020"},"content":{"rendered":"\n<p>Estimados s\u00f3cios e amigos.<\/p>\n\n\n\n<p>No passado dia 15 de agosto de 2020 o&nbsp;Clube Aeromodelismo do Norte realizou um conv\u00edvio de Hidroavi\u00f5es em Rio de Moinhos.<\/p>\n\n\n\n<p>Agradecimento especial \u00e0 Junta de freguesia de Rio de Moinhos pelo empenho e dedica\u00e7\u00e3o na limpeza do espa\u00e7o que nos foi dedicado para a pr\u00e1tica de Hidroavi\u00f5es.<\/p>\n\n\n\n<p>Um pequeno v\u00eddeo de um voo no conv\u00edvio:<\/p>\n\n\n\n<figure class=\"wp-block-embed is-type-video is-provider-youtube wp-block-embed-youtube wp-embed-aspect-16-9 wp-has-aspect-ratio\"><div class=\"wp-block-embed__wrapper\">\n<iframe loading=\"lazy\" title=\"Hidroavi\u00f5es em Rio de Moinhos 2020\" width=\"720\" height=\"405\" src=\"https:\/\/www.youtube.com\/embed\/DqnYfXkHyg8?feature=oembed\" frameborder=\"0\" allow=\"accelerometer; autoplay; clipboard-write; encrypted-media; gyroscope; picture-in-picture; web-share\" referrerpolicy=\"strict-origin-when-cross-origin\" allowfullscreen><\/iframe>\n<\/div><\/figure>\n","protected":false},"excerpt":{"rendered":"<p>Estimados s\u00f3cios e amigos. No passado dia 15 de agosto de 2020 o&nbsp;Clube Aeromodelismo do Norte realizou um conv\u00edvio de Hidroavi\u00f5es em Rio de Moinhos. Agradecimento especial \u00e0 Junta de freguesia de Rio de Moinhos&#8230;<\/p>\n","protected":false},"author":1,"featured_media":191,"comment_status":"open","ping_status":"open","sticky":false,"template":"","format":"standard","meta":{"_kad_post_transparent":"","_kad_post_title":"","_kad_post_layout":"","_kad_post_sidebar_id":"","_kad_post_content_style":"","_kad_post_vertical_padding":"","_kad_post_feature":"","_kad_post_feature_position":"","_kad_post_header":false,"_kad_post_footer":false,"_kad_post_classname":"","footnotes":""},"categories":[4,6],"tags":[],"class_list":["post-189","post","type-post","status-publish","format-standard","has-post-thumbnail","hentry","category-encontros-provas","category-noticias"],"_links":{"self":[{"href":"https:\/\/www.can.pt\/index.php\/wp-json\/wp\/v2\/posts\/189","targetHints":{"allow":["GET"]}}],"collection":[{"href":"https:\/\/www.can.pt\/index.php\/wp-json\/wp\/v2\/posts"}],"about":[{"href":"https:\/\/www.can.pt\/index.php\/wp-json\/wp\/v2\/types\/post"}],"author":[{"embeddable":true,"href":"https:\/\/www.can.pt\/index.php\/wp-json\/wp\/v2\/users\/1"}],"replies":[{"embeddable":true,"href":"https:\/\/www.can.pt\/index.php\/wp-json\/wp\/v2\/comments?post=189"}],"version-history":[{"count":0,"href":"https:\/\/www.can.pt\/index.php\/wp-json\/wp\/v2\/posts\/189\/revisions"}],"wp:featuredmedia":[{"embeddable":true,"href":"https:\/\/www.can.pt\/index.php\/wp-json\/wp\/v2\/media\/191"}],"wp:attachment":[{"href":"https:\/\/www.can.pt\/index.php\/wp-json\/wp\/v2\/media?parent=189"}],"wp:term":[{"taxonomy":"category","embeddable":true,"href":"https:\/\/www.can.pt\/index.php\/wp-json\/wp\/v2\/categories?post=189"},{"taxonomy":"post_tag","embeddable":true,"href":"https:\/\/www.can.pt\/index.php\/wp-json\/wp\/v2\/tags?post=189"}],"curies":[{"name":"wp","href":"https:\/\/api.w.org\/{rel}","templated":true}]}}